{"id":10479,"date":"2021-10-12T09:04:42","date_gmt":"2021-10-12T07:04:42","guid":{"rendered":"https:\/\/sudigoz.hr\/wp\/?p=10479"},"modified":"2021-10-12T09:07:42","modified_gmt":"2021-10-12T07:07:42","slug":"obavijest-112","status":"publish","type":"post","link":"https:\/\/stariweb.sudigo.org\/wp\/obavijest-112\/","title":{"rendered":"Obavijest"},"content":{"rendered":"<h1>Javni poziv &#8211; prijava na mobilnost<\/h1>\n<p><a href=\"https:\/\/stariweb.sudigo.org\/wp\/wp-content\/uploads\/2021\/10\/Javni-poziv-prijava-na-mobilnost.pdf\" target=\"_blank\" rel=\"noopener\"><strong>Javni poziv &#8211; Prijava za sudjelovanje u\u00a0 Erasmus+ projektu <em>Fleksibilni u grafici<\/em><\/strong>\u00a0<strong>(\u0161k. 2021.\/2022.)<\/strong><\/a><\/p>\n","protected":false},"excerpt":{"rendered":"<p>Javni poziv &#8211; prijava na mobilnost Javni poziv &#8211; Prijava za sudjelovanje u\u00a0 Erasmus+ projektu Fleksibilni u grafici\u00a0(\u0161k. 2021.\/2022.)<\/p>\n","protected":false},"author":1,"featured_media":0,"comment_status":"closed","ping_status":"open","sticky":false,"template":"","format":"standard","meta":{"spay_email":""},"categories":[5],"tags":[],"yoast_head":"<!-- This site is optimized with the Yoast SEO plugin v16.6.1 - https:\/\/yoast.com\/wordpress\/plugins\/seo\/ -->\n<title>Obavijest | \u0160kola za umjetnost, dizajn, grafiku i odje\u0107u Zabok<\/title>\n<meta name=\"robots\" content=\"index, follow, max-snippet:-1, max-image-preview:large, max-video-preview:-1\" \/>\n<link rel=\"canonical\" href=\"https:\/\/stariweb.sudigo.org\/wp\/obavijest-112\/\" \/>\n<meta property=\"og:locale\" content=\"hr_HR\" \/>\n<meta property=\"og:type\" content=\"article\" \/>\n<meta property=\"og:title\" content=\"Obavijest | \u0160kola za umjetnost, dizajn, grafiku i odje\u0107u Zabok\" \/>\n<meta property=\"og:description\" content=\"Javni poziv &#8211; prijava na mobilnost Javni poziv &#8211; Prijava za sudjelovanje u\u00a0 Erasmus+ projektu Fleksibilni u grafici\u00a0(\u0161k. 2021.\/2022.)\" \/>\n<meta property=\"og:url\" content=\"https:\/\/stariweb.sudigo.org\/wp\/obavijest-112\/\" \/>\n<meta property=\"og:site_name\" content=\"\u0160kola za umjetnost, dizajn, grafiku i odje\u0107u Zabok\" \/>\n<meta property=\"article:published_time\" content=\"2021-10-12T07:04:42+00:00\" \/>\n<meta property=\"article:modified_time\" content=\"2021-10-12T07:07:42+00:00\" \/>\n<meta name=\"twitter:label1\" content=\"Procijenjeno vrijeme \u010ditanja\" \/>\n\t<meta name=\"twitter:data1\" content=\"1 minuta\" \/>\n<script type=\"application\/ld+json\" class=\"yoast-schema-graph\">{\"@context\":\"https:\/\/schema.org\",\"@graph\":[{\"@type\":\"Organization\",\"@id\":\"https:\/\/stariweb.sudigo.org\/wp\/#organization\",\"name\":\"\\u0160kola za umjetnost, dizajn, grafiku i odje\\u0107u Zabok\",\"url\":\"https:\/\/stariweb.sudigo.org\/wp\/\",\"sameAs\":[],\"logo\":{\"@type\":\"ImageObject\",\"@id\":\"https:\/\/stariweb.sudigo.org\/wp\/#logo\",\"inLanguage\":\"hr\",\"url\":\"https:\/\/i1.wp.com\/sudigoz.hr\/wp\/wp-content\/uploads\/2020\/11\/2016_02_21_SUDIGO-GrafStnd-web-43.jpg?fit=1035%2C1325&ssl=1\",\"contentUrl\":\"https:\/\/i1.wp.com\/sudigoz.hr\/wp\/wp-content\/uploads\/2020\/11\/2016_02_21_SUDIGO-GrafStnd-web-43.jpg?fit=1035%2C1325&ssl=1\",\"width\":1035,\"height\":1325,\"caption\":\"\\u0160kola za umjetnost, dizajn, grafiku i odje\\u0107u Zabok\"},\"image\":{\"@id\":\"https:\/\/stariweb.sudigo.org\/wp\/#logo\"}},{\"@type\":\"WebSite\",\"@id\":\"https:\/\/stariweb.sudigo.org\/wp\/#website\",\"url\":\"https:\/\/stariweb.sudigo.org\/wp\/\",\"name\":\"\\u0160kola za umjetnost, dizajn, grafiku i odje\\u0107u Zabok\",\"description\":\"Gle - \\u0161kola za mene!\",\"publisher\":{\"@id\":\"https:\/\/stariweb.sudigo.org\/wp\/#organization\"},\"potentialAction\":[{\"@type\":\"SearchAction\",\"target\":{\"@type\":\"EntryPoint\",\"urlTemplate\":\"https:\/\/stariweb.sudigo.org\/wp\/?s={search_term_string}\"},\"query-input\":\"required name=search_term_string\"}],\"inLanguage\":\"hr\"},{\"@type\":\"WebPage\",\"@id\":\"https:\/\/stariweb.sudigo.org\/wp\/obavijest-112\/#webpage\",\"url\":\"https:\/\/stariweb.sudigo.org\/wp\/obavijest-112\/\",\"name\":\"Obavijest | \\u0160kola za umjetnost, dizajn, grafiku i odje\\u0107u Zabok\",\"isPartOf\":{\"@id\":\"https:\/\/stariweb.sudigo.org\/wp\/#website\"},\"datePublished\":\"2021-10-12T07:04:42+00:00\",\"dateModified\":\"2021-10-12T07:07:42+00:00\",\"breadcrumb\":{\"@id\":\"https:\/\/stariweb.sudigo.org\/wp\/obavijest-112\/#breadcrumb\"},\"inLanguage\":\"hr\",\"potentialAction\":[{\"@type\":\"ReadAction\",\"target\":[\"https:\/\/stariweb.sudigo.org\/wp\/obavijest-112\/\"]}]},{\"@type\":\"BreadcrumbList\",\"@id\":\"https:\/\/stariweb.sudigo.org\/wp\/obavijest-112\/#breadcrumb\",\"itemListElement\":[{\"@type\":\"ListItem\",\"position\":1,\"name\":\"Obavijest\"}]},{\"@type\":\"Article\",\"@id\":\"https:\/\/stariweb.sudigo.org\/wp\/obavijest-112\/#article\",\"isPartOf\":{\"@id\":\"https:\/\/stariweb.sudigo.org\/wp\/obavijest-112\/#webpage\"},\"author\":{\"@id\":\"https:\/\/stariweb.sudigo.org\/wp\/#\/schema\/person\/a7b399ce69179514cc324193baf1f7f8\"},\"headline\":\"Obavijest\",\"datePublished\":\"2021-10-12T07:04:42+00:00\",\"dateModified\":\"2021-10-12T07:07:42+00:00\",\"mainEntityOfPage\":{\"@id\":\"https:\/\/stariweb.sudigo.org\/wp\/obavijest-112\/#webpage\"},\"wordCount\":20,\"publisher\":{\"@id\":\"https:\/\/stariweb.sudigo.org\/wp\/#organization\"},\"articleSection\":[\"Obavijesti\"],\"inLanguage\":\"hr\"},{\"@type\":\"Person\",\"@id\":\"https:\/\/stariweb.sudigo.org\/wp\/#\/schema\/person\/a7b399ce69179514cc324193baf1f7f8\",\"name\":\"sudigo\",\"image\":{\"@type\":\"ImageObject\",\"@id\":\"https:\/\/stariweb.sudigo.org\/wp\/#personlogo\",\"inLanguage\":\"hr\",\"url\":\"https:\/\/secure.gravatar.com\/avatar\/d31120c7bfc3fc974ed7ccd1d03e62c8?s=96&d=mm&r=g\",\"contentUrl\":\"https:\/\/secure.gravatar.com\/avatar\/d31120c7bfc3fc974ed7ccd1d03e62c8?s=96&d=mm&r=g\",\"caption\":\"sudigo\"},\"url\":\"https:\/\/stariweb.sudigo.org\/wp\/author\/admin\/\"}]}<\/script>\n<!-- \/ Yoast SEO plugin. -->","jetpack_featured_media_url":"","jetpack-related-posts":[{"id":9607,"url":"https:\/\/stariweb.sudigo.org\/wp\/javni-poziv-6\/","url_meta":{"origin":10479,"position":0},"title":"Javni poziv","date":"28\/09\/2020","format":false,"excerpt":"Prijava za sudjelovanje u ERASMUS+ projektu Fleksibilni u grafici (\u0161k. god. 2020.\/2021.) Pozivaju se u\u010denici 2. (drugog) i 3. (tre\u0107eg) razreda smjera Grafi\u010dki tehni\u010dar da se putem ni\u017ee navedenog obrasca prijave za sudjelovanje u kratkoro\u010dnoj mobilnosti u Budimpe\u0161tu u prolje\u0107e 2021. godine. Dvadeset u\u010denika navedenih razreda ima priliku odraditi dio\u2026","rel":"","context":"U &quot;Fleksibilni u grafici&quot;","img":{"alt_text":"","src":"","width":0,"height":0},"classes":[]},{"id":10297,"url":"https:\/\/stariweb.sudigo.org\/wp\/baltazar-5-javni-poziv\/","url_meta":{"origin":10479,"position":1},"title":"Baltazar 5 - Javni poziv","date":"23\/07\/2021","format":false,"excerpt":"Produljen rok za prijavu Rok za prijavu na Javni poziv za podno\u0161enje prijava za obavljanje poslova pomo\u0107nika u nastavi\/stru\u010dnog komunikacijskog posrednika za u\u010denike s te\u0161ko\u0107ama u razvoju u odgojno-obrazovnim ustanovama \u2013 partnerima u projektu \u02ddBaltazar 5\u02dd za \u0161k. god. 2021.\/2022. produljen do 2. kolovoza 2021. (zadnji dan).","rel":"","context":"U &quot;Obavijesti&quot;","img":{"alt_text":"","src":"","width":0,"height":0},"classes":[]},{"id":5402,"url":"https:\/\/stariweb.sudigo.org\/wp\/obavijest-20\/","url_meta":{"origin":10479,"position":2},"title":"Obavijest","date":"19\/07\/2016","format":false,"excerpt":"Javni poziv za podno\u0161enje prijava za obavljanje poslova pomo\u0107nika u nastavi za djecu s te\u0161ko\u0107ama u razvoju u odgojno-obrazovnim ustanovama - partnerima u projektu Baltazar 3\u00a0 Preuzmi:\u00a0javni poziv pomocnici_KZZ_Baltazar 3\u00a0(pdf, 0.5 mb)","rel":"","context":"U &quot;Obavijesti&quot;","img":{"alt_text":"","src":"","width":0,"height":0},"classes":[]},{"id":9401,"url":"https:\/\/stariweb.sudigo.org\/wp\/baltazar-4-3\/","url_meta":{"origin":10479,"position":3},"title":"Baltazar 4","date":"05\/07\/2020","format":false,"excerpt":"Javni poziv za zapo\u0161ljavanje pomo\u0107nika u nastavi Obavje\u0161tavamo sve zainteresirane da je objavljen javni poziv za podno\u0161enje prijava za obavljanje poslova pomo\u0107nika u nastavi za u\u010denike s te\u0161ko\u0107ama u razvoju u odgojno-obrazovnim ustanovama-partnerima u projektu \u201cBaltazar 4\u201d za \u0161kolsku godinu 2020.\/2021. Preuzmi: Javni poziv sk god 2020 2021 Baltazar 4_privola\u2026","rel":"","context":"U &quot;Projekt Baltazar&quot;","img":{"alt_text":"","src":"","width":0,"height":0},"classes":[]},{"id":6676,"url":"https:\/\/stariweb.sudigo.org\/wp\/javni-poziv-4\/","url_meta":{"origin":10479,"position":4},"title":"Javni poziv","date":"26\/07\/2017","format":false,"excerpt":"Krapinsko-zagorska \u017eupanija s partnerima u projektu raspisuje Javni poziv za podno\u0161enje prijava za obavljanje poslova pomo\u0107nika u nastavi za djecu s te\u0161ko\u0107ama u odgojno-obrazovnim ustanovama - partnerima u projektu Baltazar 4. Javni poziv je otvoren 8 dana (dan objave nije ura\u010dunat), dakle pisane prijave kandidati mogu dostaviti do 3.8.2017. (uklju\u010den\u2026","rel":"","context":"U &quot;Projekt Baltazar&quot;","img":{"alt_text":"","src":"","width":0,"height":0},"classes":[]},{"id":3953,"url":"https:\/\/stariweb.sudigo.org\/wp\/javni-poziv-2\/","url_meta":{"origin":10479,"position":5},"title":"Javni poziv","date":"24\/08\/2015","format":false,"excerpt":"Krapinsko-zagorska \u017eupanija s partnerima u projektu raspisuje Javni poziv za podno\u0161enje prijava za obavljanje poslova pomo\u0107nika u nastavi za djecu s te\u0161ko\u0107ama u odgojno-obrazovnim ustanovama - partnerima u projektu Baltazar2 Preuzmi Poziv u cjelosti (pdf, 260 kb)","rel":"","context":"U &quot;Obavijesti&quot;","img":{"alt_text":"","src":"","width":0,"height":0},"classes":[]}],"_links":{"self":[{"href":"https:\/\/stariweb.sudigo.org\/wp\/wp-json\/wp\/v2\/posts\/10479"}],"collection":[{"href":"https:\/\/stariweb.sudigo.org\/wp\/wp-json\/wp\/v2\/posts"}],"about":[{"href":"https:\/\/stariweb.sudigo.org\/wp\/wp-json\/wp\/v2\/types\/post"}],"author":[{"embeddable":true,"href":"https:\/\/stariweb.sudigo.org\/wp\/wp-json\/wp\/v2\/users\/1"}],"replies":[{"embeddable":true,"href":"https:\/\/stariweb.sudigo.org\/wp\/wp-json\/wp\/v2\/comments?post=10479"}],"version-history":[{"count":4,"href":"https:\/\/stariweb.sudigo.org\/wp\/wp-json\/wp\/v2\/posts\/10479\/revisions"}],"predecessor-version":[{"id":10484,"href":"https:\/\/stariweb.sudigo.org\/wp\/wp-json\/wp\/v2\/posts\/10479\/revisions\/10484"}],"wp:attachment":[{"href":"https:\/\/stariweb.sudigo.org\/wp\/wp-json\/wp\/v2\/media?parent=10479"}],"wp:term":[{"taxonomy":"category","embeddable":true,"href":"https:\/\/stariweb.sudigo.org\/wp\/wp-json\/wp\/v2\/categories?post=10479"},{"taxonomy":"post_tag","embeddable":true,"href":"https:\/\/stariweb.sudigo.org\/wp\/wp-json\/wp\/v2\/tags?post=10479"}],"curies":[{"name":"wp","href":"https:\/\/api.w.org\/{rel}","templated":true}]}}