{"id":5154,"date":"2016-05-16T12:54:58","date_gmt":"2016-05-16T10:54:58","guid":{"rendered":"http:\/\/www.ss-sudigo-zabok.skole.hr\/?p=5154"},"modified":"2016-05-16T13:03:28","modified_gmt":"2016-05-16T11:03:28","slug":"sferakon-2016","status":"publish","type":"post","link":"https:\/\/stariweb.sudigo.org\/wp\/sferakon-2016\/","title":{"rendered":"SFeraKon 2016."},"content":{"rendered":"<h1>Prva\u00a0i tre\u0107a nagrada\u00a0na SFeraKonu!<\/h1>\n<h4><a href=\"https:\/\/picasaweb.google.com\/103163623546022041640\/6285239176059889185\" target=\"_blank\"><img loading=\"lazy\" class=\"alignleft wp-image-5156 size-thumbnail\" src=\"https:\/\/i0.wp.com\/sudigoz.hr\/wp\/wp-content\/uploads\/2016\/05\/zajedno-njih-dvoje-150x150.jpg?resize=150%2C150\" alt=\"zajedno njih dvoje\" width=\"150\" height=\"150\" srcset=\"https:\/\/i1.wp.com\/stariweb.sudigo.org\/wp\/wp-content\/uploads\/2016\/05\/zajedno-njih-dvoje.jpg?resize=150%2C150&amp;ssl=1 150w, https:\/\/i1.wp.com\/stariweb.sudigo.org\/wp\/wp-content\/uploads\/2016\/05\/zajedno-njih-dvoje.jpg?resize=50%2C50&amp;ssl=1 50w, https:\/\/i1.wp.com\/stariweb.sudigo.org\/wp\/wp-content\/uploads\/2016\/05\/zajedno-njih-dvoje.jpg?zoom=2&amp;resize=150%2C150&amp;ssl=1 300w, https:\/\/i1.wp.com\/stariweb.sudigo.org\/wp\/wp-content\/uploads\/2016\/05\/zajedno-njih-dvoje.jpg?zoom=3&amp;resize=150%2C150&amp;ssl=1 450w\" sizes=\"(max-width: 150px) 100vw, 150px\" data-recalc-dims=\"1\" \/><\/a>Ve\u0107 \u010detvrt stolje\u0107a Dru\u0161tvo za znanstvenu fantastiku SFera raspisuje natje\u010daj za literarne i likovne radove djece osnovnih i srednjih \u0161kola. Na natje\u010daj pristi\u017ee veliki broj radova iz cijele Hrvatske (samo ove godine pristiglo je preko 1.000 likovnih radova)\u00a0te\u00a0je osvojiti nagrade u tako velikoj konkurenciji izuzetan uspjeh.<\/h4>\n<p>U kategoriji likovnih radova za srednje \u0161kole na temu <em>Nulti planet<\/em>\u00a0u\u010denik 3.d razreda na\u0161e \u0161kole <strong>Gabrijel Kru\u0161elj<\/strong> (\u010dija je mentorica bila prof. <strong>Anu\u0161ka Alfirevi\u0107<\/strong>) osvojio je prvu nagradu.\u00a0U istoj kategoriji u\u010denica 2.d razreda <strong>Helena Tu\u010dkar Peh<\/strong> (\u010dija je mentorica bila prof. <strong>Mirjana Smoli\u0107<\/strong>) osvojila je tre\u0107u nagradu.<\/p>\n<p>Najbolje u zadanim kategorijama Dru\u0161tvo SFera nagradilo je 14. svibnja 2016. na sve\u010danoj skup\u0161tini Dru\u0161tva za znanstvenu fanstastiku SFera, koja je tradicionalno sredi\u0161nji doga\u0111aj znanstveno-fantasti\u010dne konvencije SFeraKon u Zagrebu.<\/p>\n","protected":false},"excerpt":{"rendered":"<p>Prva\u00a0i tre\u0107a nagrada\u00a0na SFeraKonu! Ve\u0107 \u010detvrt stolje\u0107a Dru\u0161tvo za znanstvenu fantastiku SFera raspisuje natje\u010daj za literarne i likovne radove djece osnovnih i srednjih \u0161kola. Na natje\u010daj pristi\u017ee veliki broj radova iz cijele Hrvatske (samo ove godine pristiglo je preko 1.000 likovnih radova)\u00a0te\u00a0je osvojiti nagrade u tako velikoj konkurenciji izuzetan uspjeh. U kategoriji likovnih radova za [&hellip;]<\/p>\n","protected":false},"author":1,"featured_media":0,"comment_status":"closed","ping_status":"open","sticky":false,"template":"","format":"standard","meta":{"spay_email":""},"categories":[14],"tags":[],"yoast_head":"<!-- This site is optimized with the Yoast SEO plugin v16.6.1 - https:\/\/yoast.com\/wordpress\/plugins\/seo\/ -->\n<title>SFeraKon 2016. | \u0160kola za umjetnost, dizajn, grafiku i odje\u0107u Zabok<\/title>\n<meta name=\"description\" content=\"SFeraKon 2016. - Prva i tre\u0107a nagrada na SFeraKonu za na\u0161e u\u010denike\" \/>\n<meta name=\"robots\" content=\"index, follow, max-snippet:-1, max-image-preview:large, max-video-preview:-1\" \/>\n<link rel=\"canonical\" href=\"https:\/\/stariweb.sudigo.org\/wp\/sferakon-2016\/\" \/>\n<meta property=\"og:locale\" content=\"hr_HR\" \/>\n<meta property=\"og:type\" content=\"article\" \/>\n<meta property=\"og:title\" content=\"SFeraKon 2016. | \u0160kola za umjetnost, dizajn, grafiku i odje\u0107u Zabok\" \/>\n<meta property=\"og:description\" content=\"SFeraKon 2016. - Prva i tre\u0107a nagrada na SFeraKonu za na\u0161e u\u010denike\" \/>\n<meta property=\"og:url\" content=\"https:\/\/stariweb.sudigo.org\/wp\/sferakon-2016\/\" \/>\n<meta property=\"og:site_name\" content=\"\u0160kola za umjetnost, dizajn, grafiku i odje\u0107u Zabok\" \/>\n<meta property=\"article:published_time\" content=\"2016-05-16T10:54:58+00:00\" \/>\n<meta property=\"article:modified_time\" content=\"2016-05-16T11:03:28+00:00\" \/>\n<meta property=\"og:image\" content=\"http:\/\/sudigoz.hr\/wp\/wp-content\/uploads\/2016\/05\/zajedno-njih-dvoje-150x150.jpg\" \/>\n<meta name=\"twitter:label1\" content=\"Procijenjeno vrijeme \u010ditanja\" \/>\n\t<meta name=\"twitter:data1\" content=\"1 minuta\" \/>\n<script type=\"application\/ld+json\" class=\"yoast-schema-graph\">{\"@context\":\"https:\/\/schema.org\",\"@graph\":[{\"@type\":\"Organization\",\"@id\":\"https:\/\/stariweb.sudigo.org\/wp\/#organization\",\"name\":\"\\u0160kola za umjetnost, dizajn, grafiku i odje\\u0107u Zabok\",\"url\":\"https:\/\/stariweb.sudigo.org\/wp\/\",\"sameAs\":[],\"logo\":{\"@type\":\"ImageObject\",\"@id\":\"https:\/\/stariweb.sudigo.org\/wp\/#logo\",\"inLanguage\":\"hr\",\"url\":\"https:\/\/i1.wp.com\/sudigoz.hr\/wp\/wp-content\/uploads\/2020\/11\/2016_02_21_SUDIGO-GrafStnd-web-43.jpg?fit=1035%2C1325&ssl=1\",\"contentUrl\":\"https:\/\/i1.wp.com\/sudigoz.hr\/wp\/wp-content\/uploads\/2020\/11\/2016_02_21_SUDIGO-GrafStnd-web-43.jpg?fit=1035%2C1325&ssl=1\",\"width\":1035,\"height\":1325,\"caption\":\"\\u0160kola za umjetnost, dizajn, grafiku i odje\\u0107u Zabok\"},\"image\":{\"@id\":\"https:\/\/stariweb.sudigo.org\/wp\/#logo\"}},{\"@type\":\"WebSite\",\"@id\":\"https:\/\/stariweb.sudigo.org\/wp\/#website\",\"url\":\"https:\/\/stariweb.sudigo.org\/wp\/\",\"name\":\"\\u0160kola za umjetnost, dizajn, grafiku i odje\\u0107u Zabok\",\"description\":\"Gle - \\u0161kola za mene!\",\"publisher\":{\"@id\":\"https:\/\/stariweb.sudigo.org\/wp\/#organization\"},\"potentialAction\":[{\"@type\":\"SearchAction\",\"target\":{\"@type\":\"EntryPoint\",\"urlTemplate\":\"https:\/\/stariweb.sudigo.org\/wp\/?s={search_term_string}\"},\"query-input\":\"required name=search_term_string\"}],\"inLanguage\":\"hr\"},{\"@type\":\"ImageObject\",\"@id\":\"https:\/\/stariweb.sudigo.org\/wp\/sferakon-2016\/#primaryimage\",\"inLanguage\":\"hr\",\"url\":\"http:\/\/sudigoz.hr\/wp\/wp-content\/uploads\/2016\/05\/zajedno-njih-dvoje-150x150.jpg\",\"contentUrl\":\"http:\/\/sudigoz.hr\/wp\/wp-content\/uploads\/2016\/05\/zajedno-njih-dvoje-150x150.jpg\"},{\"@type\":\"WebPage\",\"@id\":\"https:\/\/stariweb.sudigo.org\/wp\/sferakon-2016\/#webpage\",\"url\":\"https:\/\/stariweb.sudigo.org\/wp\/sferakon-2016\/\",\"name\":\"SFeraKon 2016. | \\u0160kola za umjetnost, dizajn, grafiku i odje\\u0107u Zabok\",\"isPartOf\":{\"@id\":\"https:\/\/stariweb.sudigo.org\/wp\/#website\"},\"primaryImageOfPage\":{\"@id\":\"https:\/\/stariweb.sudigo.org\/wp\/sferakon-2016\/#primaryimage\"},\"datePublished\":\"2016-05-16T10:54:58+00:00\",\"dateModified\":\"2016-05-16T11:03:28+00:00\",\"description\":\"SFeraKon 2016. - Prva i tre\\u0107a nagrada na SFeraKonu za na\\u0161e u\\u010denike\",\"breadcrumb\":{\"@id\":\"https:\/\/stariweb.sudigo.org\/wp\/sferakon-2016\/#breadcrumb\"},\"inLanguage\":\"hr\",\"potentialAction\":[{\"@type\":\"ReadAction\",\"target\":[\"https:\/\/stariweb.sudigo.org\/wp\/sferakon-2016\/\"]}]},{\"@type\":\"BreadcrumbList\",\"@id\":\"https:\/\/stariweb.sudigo.org\/wp\/sferakon-2016\/#breadcrumb\",\"itemListElement\":[{\"@type\":\"ListItem\",\"position\":1,\"name\":\"SFeraKon 2016.\"}]},{\"@type\":\"Article\",\"@id\":\"https:\/\/stariweb.sudigo.org\/wp\/sferakon-2016\/#article\",\"isPartOf\":{\"@id\":\"https:\/\/stariweb.sudigo.org\/wp\/sferakon-2016\/#webpage\"},\"author\":{\"@id\":\"https:\/\/stariweb.sudigo.org\/wp\/#\/schema\/person\/a7b399ce69179514cc324193baf1f7f8\"},\"headline\":\"SFeraKon 2016.\",\"datePublished\":\"2016-05-16T10:54:58+00:00\",\"dateModified\":\"2016-05-16T11:03:28+00:00\",\"mainEntityOfPage\":{\"@id\":\"https:\/\/stariweb.sudigo.org\/wp\/sferakon-2016\/#webpage\"},\"wordCount\":150,\"publisher\":{\"@id\":\"https:\/\/stariweb.sudigo.org\/wp\/#organization\"},\"image\":{\"@id\":\"https:\/\/stariweb.sudigo.org\/wp\/sferakon-2016\/#primaryimage\"},\"thumbnailUrl\":\"http:\/\/sudigoz.hr\/wp\/wp-content\/uploads\/2016\/05\/zajedno-njih-dvoje-150x150.jpg\",\"articleSection\":[\"Natjecanja, smotre i natje\\u010daji\"],\"inLanguage\":\"hr\"},{\"@type\":\"Person\",\"@id\":\"https:\/\/stariweb.sudigo.org\/wp\/#\/schema\/person\/a7b399ce69179514cc324193baf1f7f8\",\"name\":\"sudigo\",\"image\":{\"@type\":\"ImageObject\",\"@id\":\"https:\/\/stariweb.sudigo.org\/wp\/#personlogo\",\"inLanguage\":\"hr\",\"url\":\"https:\/\/secure.gravatar.com\/avatar\/d31120c7bfc3fc974ed7ccd1d03e62c8?s=96&d=mm&r=g\",\"contentUrl\":\"https:\/\/secure.gravatar.com\/avatar\/d31120c7bfc3fc974ed7ccd1d03e62c8?s=96&d=mm&r=g\",\"caption\":\"sudigo\"},\"url\":\"https:\/\/stariweb.sudigo.org\/wp\/author\/admin\/\"}]}<\/script>\n<!-- \/ Yoast SEO plugin. -->","jetpack_featured_media_url":"","jetpack-related-posts":[{"id":848,"url":"https:\/\/stariweb.sudigo.org\/wp\/drzavno-natjecanje-izlozba-lik\/","url_meta":{"origin":5154,"position":0},"title":"Dr\u017eavno natjecanje-izlo\u017eba LIK","date":"30\/04\/2013","format":false,"excerpt":"U\u010denici i mentori \u0160kole za umjetnost, dizajn, grafiku i odje\u0107u Zabok na ovogodi\u0161njem dr\u017eavnom natjecanju LIK postigli najbolje rezultate u Hrvatskoj! Svojim ovogodi\u0161njim rezultatima dizajneri\u00a0\u0160UDIGO Zabok\u00a0u konkurenciji svih umjetni\u010dkih \u0161kola u Hrvatskoj nadma\u0161ili su sva o\u010dekivanja i s pravom se svrstali u red najboljih \u0161kola ovog tipa u zemlji. Ovogodi\u0161nji\u2026","rel":"","context":"U &quot;Natjecanja, smotre i natje\u010daji&quot;","img":{"alt_text":"","src":"https:\/\/i2.wp.com\/sudigoz.hr\/wp\/wp-content\/uploads\/2013\/04\/Bozica_Breber_prva_generacijska_2-300x244.jpg?resize=350%2C200","width":350,"height":200},"classes":[]},{"id":5151,"url":"https:\/\/stariweb.sudigo.org\/wp\/foto-natjecaj-3\/","url_meta":{"origin":5154,"position":1},"title":"Foto natje\u010daj","date":"05\/05\/2016","format":false,"excerpt":"Loreni prva nagrada Dr\u017eavna uprava za za\u0161titu i spa\u0161avanje raspisala je natje\u010daj na temu katastrofa i snaga sustava civilne za\u0161tite. Na navedenom natje\u010daju u kategoriji foto radova djece i mladih na\u0161a je u\u010denica Lorena Visinski iz 2.d osvojila prvu nagradu s fotografijom Po\u017eari\u0161te na Pelje\u0161cu, a\u00a0mentorica joj je bila Ru\u017ea\u2026","rel":"","context":"U &quot;Natjecanja, smotre i natje\u010daji&quot;","img":{"alt_text":"","src":"","width":0,"height":0},"classes":[]},{"id":842,"url":"https:\/\/stariweb.sudigo.org\/wp\/sferakon\/","url_meta":{"origin":5154,"position":2},"title":"SFeraKon","date":"10\/05\/2013","format":false,"excerpt":"\u0160kola za umjetnost, dizajn, grafiku i odje\u0107u Zabok ve\u0107 godinama bilje\u017ei zna\u010dajne rezultate na tradicionalnoj godi\u0161njoj manifestaciji\u00a0SFeraKon\u00a0- najstarijoj i najve\u0107oj konvenciji znanstvene fantastike u Hrvatskoj. Na\u0161i u\u010denici dobitnici su brojnih nagrada\u00a0SFerinog\u00a0likovnog natje\u010daja za djecu i mlade. Ove je godine na natje\u010daj pristiglo 920 likovnih radova iz cijele Hrvatske. Konkurencija je\u2026","rel":"","context":"U &quot;Natjecanja, smotre i natje\u010daji&quot;","img":{"alt_text":"","src":"https:\/\/i1.wp.com\/sudigoz.hr\/wp\/wp-content\/uploads\/2013\/05\/rad1-300x225.jpg?resize=350%2C200","width":350,"height":200},"classes":[]},{"id":6424,"url":"https:\/\/stariweb.sudigo.org\/wp\/lik-2017\/","url_meta":{"origin":5154,"position":3},"title":"LIK 2017.","date":"02\/05\/2017","format":false,"excerpt":"Dr\u017eavno natjecanje iz podru\u010dja vizualnih umjetnosti i dizajna U organizaciji Agencije za odgoj i obrazovanje, Ministarstva znanosti, obrazovanja i sporta te Prve su\u0161a\u010dke hrvatske gimnazije 27. i 28. travnja 2017. godine u Rijeci odr\u017eano je 19. Dr\u017eavno natjecanje-izlo\u017eba u\u010denika osnovnih i srednjih \u0161kola iz podru\u010dja vizualnih umjetnosti i dizajna \u2013\u2026","rel":"","context":"U &quot;LIK&quot;","img":{"alt_text":"","src":"","width":0,"height":0},"classes":[]},{"id":6348,"url":"https:\/\/stariweb.sudigo.org\/wp\/likovni-natjecaj-2\/","url_meta":{"origin":5154,"position":4},"title":"Likovni natje\u010daj","date":"06\/04\/2017","format":false,"excerpt":"Radost slikanja uz glazbu 2017. Likovni radovi \u0160UDIGO-a u Lisinskom Na likovnom natje\u010daju Radost slikanja uz glazbu 2017. u\u010denici na\u0161e \u0161kole ostvarili su zapa\u017een uspjeh svojim radovima inspiriranim filmskom glazbom Johna Williamsa iz prva tri filma filmske sage Ratovi zvijezda. Predsjednica ocjenjiva\u010dkog suda Biserka Rauter Plan\u010di\u0107, povjesni\u010darka umjetnosti, na otvorenju\u2026","rel":"","context":"U &quot;Natjecanja, smotre i natje\u010daji&quot;","img":{"alt_text":"","src":"","width":0,"height":0},"classes":[]},{"id":3595,"url":"https:\/\/stariweb.sudigo.org\/wp\/drzavno-natjecanje-lik-2015\/","url_meta":{"origin":5154,"position":5},"title":"Dr\u017eavno natjecanje LIK 2015.","date":"05\/05\/2015","format":false,"excerpt":"\u00a0 Prva generacijska nagrada \u0160kola za umjetnost, dizajn, grafiku i odje\u0107u Zabok koja ove godine obilje\u017eava 20. godi\u0161njicu svog rada i djelovnja u podru\u010dju likovnih umjetnosti i dizajna i ove godine kao i unazad nekoliko godina pokazuje izvrsnost i na dr\u017eavnoj razini u podru\u010dju vizualnih umjetnosti. Rad pod nazivom \u201cTo\u2026","rel":"","context":"U &quot;Novosti&quot;","img":{"alt_text":"","src":"https:\/\/i1.wp.com\/sudigoz.hr\/wp\/wp-content\/uploads\/2015\/05\/Ekipa-Vukovar-300x225.jpg?resize=350%2C200","width":350,"height":200},"classes":[]}],"_links":{"self":[{"href":"https:\/\/stariweb.sudigo.org\/wp\/wp-json\/wp\/v2\/posts\/5154"}],"collection":[{"href":"https:\/\/stariweb.sudigo.org\/wp\/wp-json\/wp\/v2\/posts"}],"about":[{"href":"https:\/\/stariweb.sudigo.org\/wp\/wp-json\/wp\/v2\/types\/post"}],"author":[{"embeddable":true,"href":"https:\/\/stariweb.sudigo.org\/wp\/wp-json\/wp\/v2\/users\/1"}],"replies":[{"embeddable":true,"href":"https:\/\/stariweb.sudigo.org\/wp\/wp-json\/wp\/v2\/comments?post=5154"}],"version-history":[{"count":7,"href":"https:\/\/stariweb.sudigo.org\/wp\/wp-json\/wp\/v2\/posts\/5154\/revisions"}],"predecessor-version":[{"id":5162,"href":"https:\/\/stariweb.sudigo.org\/wp\/wp-json\/wp\/v2\/posts\/5154\/revisions\/5162"}],"wp:attachment":[{"href":"https:\/\/stariweb.sudigo.org\/wp\/wp-json\/wp\/v2\/media?parent=5154"}],"wp:term":[{"taxonomy":"category","embeddable":true,"href":"https:\/\/stariweb.sudigo.org\/wp\/wp-json\/wp\/v2\/categories?post=5154"},{"taxonomy":"post_tag","embeddable":true,"href":"https:\/\/stariweb.sudigo.org\/wp\/wp-json\/wp\/v2\/tags?post=5154"}],"curies":[{"name":"wp","href":"https:\/\/api.w.org\/{rel}","templated":true}]}}