{"id":5196,"date":"2016-05-10T10:05:55","date_gmt":"2016-05-10T08:05:55","guid":{"rendered":"http:\/\/www.ss-sudigo-zabok.skole.hr\/?p=5196"},"modified":"2016-05-24T10:41:23","modified_gmt":"2016-05-24T08:41:23","slug":"projekti-8","status":"publish","type":"post","link":"https:\/\/stariweb.sudigo.org\/wp\/projekti-8\/","title":{"rendered":"Projekti"},"content":{"rendered":"<h1 class=\"p2\"><span class=\"s1\">Neprospavane no\u0107i i dobri kadrovi<\/span><\/h1>\n<h4 class=\"p2\"><span class=\"s1\"><a href=\"https:\/\/picasaweb.google.com\/103163623546022041640\/6288170478854588593\" target=\"_blank\"><img loading=\"lazy\" class=\"alignleft wp-image-5200 size-thumbnail\" src=\"https:\/\/i1.wp.com\/sudigoz.hr\/wp\/wp-content\/uploads\/2016\/05\/DSC_0492-150x150.jpg?resize=150%2C150\" alt=\"DSC_0492\" width=\"150\" height=\"150\" srcset=\"https:\/\/i0.wp.com\/stariweb.sudigo.org\/wp\/wp-content\/uploads\/2016\/05\/DSC_0492.jpg?resize=150%2C150&amp;ssl=1 150w, https:\/\/i0.wp.com\/stariweb.sudigo.org\/wp\/wp-content\/uploads\/2016\/05\/DSC_0492.jpg?resize=50%2C50&amp;ssl=1 50w, https:\/\/i0.wp.com\/stariweb.sudigo.org\/wp\/wp-content\/uploads\/2016\/05\/DSC_0492.jpg?zoom=2&amp;resize=150%2C150&amp;ssl=1 300w, https:\/\/i0.wp.com\/stariweb.sudigo.org\/wp\/wp-content\/uploads\/2016\/05\/DSC_0492.jpg?zoom=3&amp;resize=150%2C150&amp;ssl=1 450w\" sizes=\"(max-width: 150px) 100vw, 150px\" data-recalc-dims=\"1\" \/><\/a>U\u010denici Elektrostrojarske \u0161kole iz Vara\u017edina i \u0160kole za umjetnost, dizajn, grafiku i odje\u0107u Zabok boravili pet dana na Visu<\/span><\/h4>\n<p class=\"p2\"><span class=\"s1\">U okviru projekta <i>Kroz \u0161kolski kurikulum do suvremenih sadr\u017eaja i metoda u studijskoj produkciji<\/i> peta aktivnost odnosila se na pilotiranje izbornog modula <em>Suvremena studijska produkcija<\/em> u okviru kampa dislocirane prakti\u010dne nastave za u\u010denike. U vremenu<b> <\/b>od 2. do 7. svibnja oko pedeset u\u010denika i trinaest profesora Elekrostrojarske \u0161kole iz Vara\u017edina i \u0160kole za umjetnost, dizajn, grafiku i odje\u0107u Zabok boravili su na Visu na dislociranoj nastavi. U\u010denici su u\u010dili kako snimiti, to\u010dnije, kako nastaje dokumentarni film i to od profesionalaca iz udruge Restart,<span class=\"Apple-converted-space\">\u00a0 <\/span>Neboj\u0161e Sljep\u010devi\u0107a, Vanje Jambrovi\u0107a, Dinke Radon\u010di\u0107 i Igora Bezinovi\u0107a. Dok su prolazili kroz proces nastanka dokumentarnog filma, Vis je u\u010denicima u kratkom vremenu prirastao srcu i sklopili su nova prijateljstva. <\/span><!--more--><\/p>\n<p class=\"p2\"><span class=\"s1\">Ovo je posljednja aktivnost velikoga projekta koji sufinancira Europski socijalni fond pod nazivom Kroz \u0161kolski kurikulum do suvremenih sadr\u017eaja i metoda u studijskoj produkciji, \u010diji je nositelj Elektrostrojarska \u0161kola, a na\u0161a \u0161kola je partnerska institucija.<\/span><\/p>\n<h4 class=\"p2\"><span class=\"s1\">Proces snimanja<\/span><\/h4>\n<p class=\"p2\"><span class=\"s1\">U\u010denici obje partnerske \u0161kole, njih pedesetak, izvrsno su se sna\u0161li u stvarnim situacijama koje ih jednog dana o\u010dekuju na radnom mjestu. Proces snimanja je obuhva\u0107ao istra\u017eivanje teme, kontaktiranje Vi\u0161ana, kako bi dogovorili i organizirali snimanje dokumentarnih filmova. Monta\u017ea materijala je trajala dugo u no\u0107, ne bi li zavr\u0161ili svoje trailere na vrijeme. Svaki tim, sastavljen od desetero u\u010denika i dva mentora, predstavili su svoje trailere pred komisijom. <\/span><\/p>\n<h4 class=\"p2\"><span class=\"s1\">Zainteresirani u\u010denici<\/span><\/h4>\n<p class=\"p2\"><span class=\"s1\">U\u010denici su bili vrlo zainteresirani za rad \u0161to su i pokazivali, aktivno su sudjelovali u radionicama koje su organizirali udruga Restart, a koje su slu\u017eile u\u010denicima u stjecanju novih i oboga\u0107ivanju starih znanja. Snimanje se odvijalo na razli\u010ditim lokacijama. Timovi su snimali u Komi\u017ei, u \u010ce\u0161koj vili, a neki su pak za predivne kadrove oti\u0161li snimati na more te \u010dak zaronili. Pojedini timovi su mijenjali teme, ali su se u\u010denici ubrzo sna\u0161li. Posljednji dan boravka na Visu, u\u010denici su s mentorima profesorima, prezentirali i analizirali dobiveni rezultat. <\/span><\/p>\n<p class=\"p2\"><span class=\"s1\">&#8211; <em>Bilo je nezaboravno. To iskustvo \u0107e nam koristiti u budu\u0107nosti jer smo puno toga nau\u010dili u tih pet dana koje smo proveli na Visu. O\u010dekivala sam dobro dru\u0161tvo, odli\u010dnu radnu atmosferu i to sam na kraju dobila<\/em> &#8211; kazala je u\u010denica Stela Benc, u\u010denica drugog razreda medijskih tehni\u010dara, \u0160kole za umjetnost, dizajn, grafiku i odje\u0107u Zabok.<\/span><\/p>\n<h4 class=\"p2\"><span class=\"s1\">Neprospavane no\u0107i<\/span><\/h4>\n<p class=\"p2\"><span class=\"s1\">Iako je rad zahtijevao i poneki neprospavani sat, u\u010denici su zadovoljni ste\u010denim iskustvom.<\/span><\/p>\n<p class=\"p2\"><span class=\"s1\">&#8211; <em>Mogu re\u0107i da je na\u0161a suradnja bila izvrsna i da se montiranje do kasnih sati isplatilo<\/em> &#8211; rekao nam je Jakov Tukovi\u0107, u\u010denik drugog razreda medijskih tehni\u010dara.<\/span><\/p>\n<p class=\"p2\"><span class=\"s1\">O\u010dekivanja u\u010denika bila su prije svega ste\u0107i nova iskustva.<\/span><\/p>\n<p class=\"p2\"><span class=\"s1\">&#8211; <em>Nitko ne bi o\u010dekivao nezaboravno iskustvo i dru\u017eenje u tako malom mjestu, ali ima ne\u0161to \u010darobno na otoku Visu. Svi su bili sretni, raspolo\u017eeni za posao i rad, a poslije napornog dana jo\u0161 uvijek je ostalo energije za glazbu, ples i zajedni\u010dko dru\u017eenje. Nau\u010dili smo vi\u0161e od o\u010dekivanoga, ne samo \u0161to se ti\u010de na\u0161e struke, nego i o \u017eivotu, jer naravno da nije sve bilo savr\u0161eno u timovima i nije sve bilo kako smo planirali, ali takav je i \u017eivot. O\u010dekivala sam da \u0107e profesori biti strogi, ali bilo je ba\u0161 suprotno, bili su raspolo\u017eeni za zabavu i dru\u017eenje s nama<\/em> &#8211; rekla nam je Lucija Strugar, u\u010denica drugog razreda medijskih tehni\u010dara.<\/span><\/p>\n<h4 class=\"p2\"><span class=\"s1\">Trud za dobar kadar<\/span><\/h4>\n<p class=\"p2\"><span class=\"s1\">Kako bi snimili dobar kadar, u\u010denici su morali ulo\u017eiti puno truda. <\/span><\/p>\n<p class=\"p2\"><span class=\"s1\">&#8211; <em>Bio sam jako sretan kada su me odabrali da snimam na brodu. Jedno iskustvo koje \u0107u svakako pamtiti cijeli \u017eivot. Shvatio sam da sam spreman na sve da snimim dobar kadar<\/em> &#8211; rekao nam je<span class=\"Apple-converted-space\">\u00a0 <\/span>Dominik Kotarski, u\u010denik drugog razreda medijskih tehni\u010dara.<\/span><\/p>\n<h4 class=\"p2\"><span class=\"s1\">Zadatak nastave<\/span><\/h4>\n<p class=\"p2\"><span class=\"s1\">Zadatak terenske<span class=\"Apple-converted-space\">\u00a0 <\/span>nastave je bio da se dvadeset i pet u\u010denika iz Vara\u017edinske \u0161kole i dvadeset i pet u\u010denika iz \u0161kole za umjetnost, dizajn grafiku i odje\u0107u Zabok stave u jedno realno okru\u017eenje istra\u017eiva\u010dke nastave gdje su bili podijeljeni u pet timova po deset u\u010denika po pet iz svake \u0161kole. <\/span><\/p>\n<p class=\"p2\"><span class=\"s1\">&#8211; <em>Imali su zadatak da prvo odaberu temu koju \u0107e istra\u017eivati, a nakon toga provedu istra\u017eivanje na tu temu i naprave dokumentarni film o nekoj zanimljivosti samog otoka Visa<\/em> &#8211; objasnila sam nam je profesorica Ru\u017ea Leskovar, koordinatorica projektnih aktivnosti za \u0160kolu za umjetnost, dizajn, grafiku i odje\u0107u Zabok.<\/span><\/p>\n<p class=\"p2\"><span class=\"s1\">Sve filmove koji su napravljeni povodom projekta u\u010denici \u0107e objaviti na portalu prve \u0161kolske televizije, trailere na\u0161ih u\u010denika pogledajte ovdje: <a href=\"https:\/\/www.youtube.com\/watch?v=1u5BsCRLUwg\">Vrata<\/a>, <a href=\"https:\/\/www.youtube.com\/watch?v=IkyMN5qFZO4\">Po vi\u0161ki pomalo<\/a>, <a href=\"https:\/\/www.youtube.com\/watch?v=nR39fNZbcvE\">Ne \u017ealim ni zbog \u010dega<\/a>, <a href=\"https:\/\/www.youtube.com\/watch?v=hipMu1cPIQM\">Mika<\/a>, <a href=\"https:\/\/www.youtube.com\/watch?v=zGCpf_HGYDk\">Dvi \u017elice soli<\/a>, <a href=\"https:\/\/www.youtube.com\/watch?v=Bok_EUttaf8\">Dvi \u017elice soli 2<\/a>. <\/span><\/p>\n<p class=\"p2\" style=\"text-align: right;\"><em><strong><span class=\"s1\">Melani Krog, 2. mt<\/span><\/strong><\/em><\/p>\n","protected":false},"excerpt":{"rendered":"<p>Neprospavane no\u0107i i dobri kadrovi U\u010denici Elektrostrojarske \u0161kole iz Vara\u017edina i \u0160kole za umjetnost, dizajn, grafiku i odje\u0107u Zabok boravili pet dana na Visu U okviru projekta Kroz \u0161kolski kurikulum do suvremenih sadr\u017eaja i metoda u studijskoj produkciji peta aktivnost odnosila se na pilotiranje izbornog modula Suvremena studijska produkcija u okviru kampa dislocirane prakti\u010dne nastave [&hellip;]<\/p>\n","protected":false},"author":1,"featured_media":0,"comment_status":"closed","ping_status":"open","sticky":false,"template":"","format":"standard","meta":{"spay_email":""},"categories":[45],"tags":[],"yoast_head":"<!-- This site is optimized with the Yoast SEO plugin v16.6.1 - https:\/\/yoast.com\/wordpress\/plugins\/seo\/ -->\n<title>Projekti | \u0160kola za umjetnost, dizajn, grafiku i odje\u0107u Zabok<\/title>\n<meta name=\"description\" content=\"Projekti - Neprospavane no\u0107i i dobri kadrovi\" \/>\n<meta name=\"robots\" content=\"index, follow, max-snippet:-1, max-image-preview:large, max-video-preview:-1\" \/>\n<link rel=\"canonical\" href=\"https:\/\/stariweb.sudigo.org\/wp\/projekti-8\/\" \/>\n<meta property=\"og:locale\" content=\"hr_HR\" \/>\n<meta property=\"og:type\" content=\"article\" \/>\n<meta property=\"og:title\" content=\"Projekti | \u0160kola za umjetnost, dizajn, grafiku i odje\u0107u Zabok\" \/>\n<meta property=\"og:description\" content=\"Projekti - Neprospavane no\u0107i i dobri kadrovi\" \/>\n<meta property=\"og:url\" content=\"https:\/\/stariweb.sudigo.org\/wp\/projekti-8\/\" \/>\n<meta property=\"og:site_name\" content=\"\u0160kola za umjetnost, dizajn, grafiku i odje\u0107u Zabok\" \/>\n<meta property=\"article:published_time\" content=\"2016-05-10T08:05:55+00:00\" \/>\n<meta property=\"article:modified_time\" content=\"2016-05-24T08:41:23+00:00\" \/>\n<meta property=\"og:image\" content=\"http:\/\/sudigoz.hr\/wp\/wp-content\/uploads\/2016\/05\/DSC_0492-150x150.jpg\" \/>\n<meta name=\"twitter:label1\" content=\"Procijenjeno vrijeme \u010ditanja\" \/>\n\t<meta name=\"twitter:data1\" content=\"4 minute\" \/>\n<script type=\"application\/ld+json\" class=\"yoast-schema-graph\">{\"@context\":\"https:\/\/schema.org\",\"@graph\":[{\"@type\":\"Organization\",\"@id\":\"https:\/\/stariweb.sudigo.org\/wp\/#organization\",\"name\":\"\\u0160kola za umjetnost, dizajn, grafiku i odje\\u0107u Zabok\",\"url\":\"https:\/\/stariweb.sudigo.org\/wp\/\",\"sameAs\":[],\"logo\":{\"@type\":\"ImageObject\",\"@id\":\"https:\/\/stariweb.sudigo.org\/wp\/#logo\",\"inLanguage\":\"hr\",\"url\":\"https:\/\/i1.wp.com\/sudigoz.hr\/wp\/wp-content\/uploads\/2020\/11\/2016_02_21_SUDIGO-GrafStnd-web-43.jpg?fit=1035%2C1325&ssl=1\",\"contentUrl\":\"https:\/\/i1.wp.com\/sudigoz.hr\/wp\/wp-content\/uploads\/2020\/11\/2016_02_21_SUDIGO-GrafStnd-web-43.jpg?fit=1035%2C1325&ssl=1\",\"width\":1035,\"height\":1325,\"caption\":\"\\u0160kola za umjetnost, dizajn, grafiku i odje\\u0107u Zabok\"},\"image\":{\"@id\":\"https:\/\/stariweb.sudigo.org\/wp\/#logo\"}},{\"@type\":\"WebSite\",\"@id\":\"https:\/\/stariweb.sudigo.org\/wp\/#website\",\"url\":\"https:\/\/stariweb.sudigo.org\/wp\/\",\"name\":\"\\u0160kola za umjetnost, dizajn, grafiku i odje\\u0107u Zabok\",\"description\":\"Gle - \\u0161kola za mene!\",\"publisher\":{\"@id\":\"https:\/\/stariweb.sudigo.org\/wp\/#organization\"},\"potentialAction\":[{\"@type\":\"SearchAction\",\"target\":{\"@type\":\"EntryPoint\",\"urlTemplate\":\"https:\/\/stariweb.sudigo.org\/wp\/?s={search_term_string}\"},\"query-input\":\"required name=search_term_string\"}],\"inLanguage\":\"hr\"},{\"@type\":\"ImageObject\",\"@id\":\"https:\/\/stariweb.sudigo.org\/wp\/projekti-8\/#primaryimage\",\"inLanguage\":\"hr\",\"url\":\"http:\/\/sudigoz.hr\/wp\/wp-content\/uploads\/2016\/05\/DSC_0492-150x150.jpg\",\"contentUrl\":\"http:\/\/sudigoz.hr\/wp\/wp-content\/uploads\/2016\/05\/DSC_0492-150x150.jpg\"},{\"@type\":\"WebPage\",\"@id\":\"https:\/\/stariweb.sudigo.org\/wp\/projekti-8\/#webpage\",\"url\":\"https:\/\/stariweb.sudigo.org\/wp\/projekti-8\/\",\"name\":\"Projekti | \\u0160kola za umjetnost, dizajn, grafiku i odje\\u0107u Zabok\",\"isPartOf\":{\"@id\":\"https:\/\/stariweb.sudigo.org\/wp\/#website\"},\"primaryImageOfPage\":{\"@id\":\"https:\/\/stariweb.sudigo.org\/wp\/projekti-8\/#primaryimage\"},\"datePublished\":\"2016-05-10T08:05:55+00:00\",\"dateModified\":\"2016-05-24T08:41:23+00:00\",\"description\":\"Projekti - Neprospavane no\\u0107i i dobri kadrovi\",\"breadcrumb\":{\"@id\":\"https:\/\/stariweb.sudigo.org\/wp\/projekti-8\/#breadcrumb\"},\"inLanguage\":\"hr\",\"potentialAction\":[{\"@type\":\"ReadAction\",\"target\":[\"https:\/\/stariweb.sudigo.org\/wp\/projekti-8\/\"]}]},{\"@type\":\"BreadcrumbList\",\"@id\":\"https:\/\/stariweb.sudigo.org\/wp\/projekti-8\/#breadcrumb\",\"itemListElement\":[{\"@type\":\"ListItem\",\"position\":1,\"name\":\"Projekti\"}]},{\"@type\":\"Article\",\"@id\":\"https:\/\/stariweb.sudigo.org\/wp\/projekti-8\/#article\",\"isPartOf\":{\"@id\":\"https:\/\/stariweb.sudigo.org\/wp\/projekti-8\/#webpage\"},\"author\":{\"@id\":\"https:\/\/stariweb.sudigo.org\/wp\/#\/schema\/person\/a7b399ce69179514cc324193baf1f7f8\"},\"headline\":\"Projekti\",\"datePublished\":\"2016-05-10T08:05:55+00:00\",\"dateModified\":\"2016-05-24T08:41:23+00:00\",\"mainEntityOfPage\":{\"@id\":\"https:\/\/stariweb.sudigo.org\/wp\/projekti-8\/#webpage\"},\"wordCount\":848,\"publisher\":{\"@id\":\"https:\/\/stariweb.sudigo.org\/wp\/#organization\"},\"image\":{\"@id\":\"https:\/\/stariweb.sudigo.org\/wp\/projekti-8\/#primaryimage\"},\"thumbnailUrl\":\"http:\/\/sudigoz.hr\/wp\/wp-content\/uploads\/2016\/05\/DSC_0492-150x150.jpg\",\"articleSection\":[\"Kroz \\u0161kolski kurikulum do suvremenih sadr\\u017eaja i metoda u studijskoj produkciji\"],\"inLanguage\":\"hr\"},{\"@type\":\"Person\",\"@id\":\"https:\/\/stariweb.sudigo.org\/wp\/#\/schema\/person\/a7b399ce69179514cc324193baf1f7f8\",\"name\":\"sudigo\",\"image\":{\"@type\":\"ImageObject\",\"@id\":\"https:\/\/stariweb.sudigo.org\/wp\/#personlogo\",\"inLanguage\":\"hr\",\"url\":\"https:\/\/secure.gravatar.com\/avatar\/d31120c7bfc3fc974ed7ccd1d03e62c8?s=96&d=mm&r=g\",\"contentUrl\":\"https:\/\/secure.gravatar.com\/avatar\/d31120c7bfc3fc974ed7ccd1d03e62c8?s=96&d=mm&r=g\",\"caption\":\"sudigo\"},\"url\":\"https:\/\/stariweb.sudigo.org\/wp\/author\/admin\/\"}]}<\/script>\n<!-- \/ Yoast SEO plugin. -->","jetpack_featured_media_url":"","jetpack-related-posts":[{"id":7245,"url":"https:\/\/stariweb.sudigo.org\/wp\/promoviranje-volonterstva\/","url_meta":{"origin":5196,"position":0},"title":"Promoviranje volonterstva","date":"17\/02\/2018","format":false,"excerpt":"Samo volontiraj! Promotivni spot za pjesmu Samo volontiraj!\u00a0promovira zna\u010daj i vrijednosti volonterstva kako za samog pojedinca tako i za \u010ditavu zajednicu. Rade\u0107i za korist drugih, volonteri\/ke istodobno rade na samima sebi, na svom osobnom i profesionalnom razvoju a sve to kroz volontiranje.\u00a0Autorica teksta je volonterka Ema Smoli\u0107, a pjesmu izvodi\u2026","rel":"","context":"U &quot;VolontirAJMO&quot;","img":{"alt_text":"","src":"","width":0,"height":0},"classes":[]},{"id":5072,"url":"https:\/\/stariweb.sudigo.org\/wp\/projekti-7\/","url_meta":{"origin":5196,"position":1},"title":"Projekti","date":"27\/03\/2016","format":false,"excerpt":"Studijski posjet\u00a0nastavnika \u0160kole za umjetnost, dizajn, grafiku i odje\u0107u Zabok i nastavnika Elektrostrojarske \u0161kole Vara\u017edin i njihovih projektnih partnera u Londonu Strukovni nastavnici Elektrostrojarske \u0161kola iz Vara\u017edina, \u0160kole za umjetnost, dizajn, grafiku i odje\u0107u Zabok te predstavnici ostalih projektnih partnera (Veleu\u010dili\u0161te VERN i Restart) sudjelovali su od 19. do 25.\u2026","rel":"","context":"U &quot;Kroz \u0161kolski kurikulum do suvremenih sadr\u017eaja i metoda u studijskoj produkciji&quot;","img":{"alt_text":"","src":"https:\/\/i0.wp.com\/stariweb.sudigo.org\/wp\/wp-content\/uploads\/2016\/04\/ess1.jpg?resize=350%2C200","width":350,"height":200},"classes":[]},{"id":8630,"url":"https:\/\/stariweb.sudigo.org\/wp\/erasmus-14\/","url_meta":{"origin":5196,"position":2},"title":"Erasmus+","date":"24\/09\/2019","format":false,"excerpt":"Otvoreni poziv za u\u010denike \u0160kole za umjetnost, dizajn, grafiku i odje\u0107u Zabok Ciljana skupina: u\u010denici sektora web dizajn, 3. i 4. razred Po\u0161tovani u\u010denici, \u0160kola za umjetnost, dizajn, grafiku i odje\u0107u Zabok vodi projekt Erasmus+ projekt Iskustveno u\u010denje: iz simulacije u stvarnost u sklopu kojega u\u010denici \u0161kole imaju mogu\u0107nost sudjelovati\u2026","rel":"","context":"U &quot;Iskustveno u\u010denje: iz simulacije u stvarnost&quot;","img":{"alt_text":"","src":"","width":0,"height":0},"classes":[]},{"id":2110,"url":"https:\/\/stariweb.sudigo.org\/wp\/6-drzavno-natjecanje-gtiavo\/","url_meta":{"origin":5196,"position":3},"title":"6. dr\u017eavno natjecanje GTIAVO","date":"25\/04\/2014","format":false,"excerpt":"Uspje\u0161ni kao natjecatelji i suorganizatori U organizaciji \u0160kole za umjetnost, dizajn, grafiku i odje\u0107u odr\u017eana je sve\u010dana dodjela priznanja i zahvalnica u\u010denicima 6. dr\u017eavno natjecanje iz obrazovnog sektora grafi\u010dka tehnologija i audiovizualno oblikovanje U Velikoj galeriji Grada Zaboka 25. travnja u organizaciji \u0160kole za umjetnost, dizajn, grafiku i odje\u0107u odr\u017eana\u2026","rel":"","context":"U &quot;Natjecanja, smotre i natje\u010daji&quot;","img":{"alt_text":"","src":"","width":0,"height":0},"classes":[]},{"id":5328,"url":"https:\/\/stariweb.sudigo.org\/wp\/four-river-film-festival\/","url_meta":{"origin":5196,"position":4},"title":"Four River Film Festival","date":"23\/06\/2016","format":false,"excerpt":"Ne \u017ealim ni zbog \u010dega u konkurenciji FRFF-a Selektori Filmske revije mlade\u017ei i Four River Film Festivala\u00a0u Karlovcu odabrali su od rekordno prijavljenih 432\u00a0filma njih 31\u00a0koji \u0107e se ove godine natjecati za presti\u017ene nagrade na Four River Film Festivalu \u00a0u\u00a0Karlovcu\u00a0od 6. do 10. rujna 2016. godine. Iako su selektori Revije\u2026","rel":"","context":"U &quot;Kroz \u0161kolski kurikulum do suvremenih sadr\u017eaja i metoda u studijskoj produkciji&quot;","img":{"alt_text":"","src":"","width":0,"height":0},"classes":[]},{"id":3549,"url":"https:\/\/stariweb.sudigo.org\/wp\/uskrs-u-zaboku\/","url_meta":{"origin":5196,"position":5},"title":"Uskrs u Zaboku","date":"25\/03\/2015","format":false,"excerpt":"Izrada uskrsnih dekoracija U Velikoj galeriji Grada Zaboka 25. o\u017eujka 2015. godine povodom uskrsnih blagdana odvijale su se radionice u okviru manifestacije Uskrs u Zaboku. U\u010denici 3.di \u0160kole za umjetnost, dizajn, grafiku i odje\u0107u Zabok\u00a0pod vodstvom profesorice Mirjane Smoli\u0107 sudjelovali su u radionicama i pomagali onima koji su najvi\u0161e u\u017eivali\u2026","rel":"","context":"U &quot;Novosti&quot;","img":{"alt_text":"","src":"https:\/\/i2.wp.com\/stariweb.sudigo.org\/wp\/wp-content\/uploads\/2015\/03\/pisanice-3di.jpg?resize=350%2C200","width":350,"height":200},"classes":[]}],"_links":{"self":[{"href":"https:\/\/stariweb.sudigo.org\/wp\/wp-json\/wp\/v2\/posts\/5196"}],"collection":[{"href":"https:\/\/stariweb.sudigo.org\/wp\/wp-json\/wp\/v2\/posts"}],"about":[{"href":"https:\/\/stariweb.sudigo.org\/wp\/wp-json\/wp\/v2\/types\/post"}],"author":[{"embeddable":true,"href":"https:\/\/stariweb.sudigo.org\/wp\/wp-json\/wp\/v2\/users\/1"}],"replies":[{"embeddable":true,"href":"https:\/\/stariweb.sudigo.org\/wp\/wp-json\/wp\/v2\/comments?post=5196"}],"version-history":[{"count":4,"href":"https:\/\/stariweb.sudigo.org\/wp\/wp-json\/wp\/v2\/posts\/5196\/revisions"}],"predecessor-version":[{"id":5201,"href":"https:\/\/stariweb.sudigo.org\/wp\/wp-json\/wp\/v2\/posts\/5196\/revisions\/5201"}],"wp:attachment":[{"href":"https:\/\/stariweb.sudigo.org\/wp\/wp-json\/wp\/v2\/media?parent=5196"}],"wp:term":[{"taxonomy":"category","embeddable":true,"href":"https:\/\/stariweb.sudigo.org\/wp\/wp-json\/wp\/v2\/categories?post=5196"},{"taxonomy":"post_tag","embeddable":true,"href":"https:\/\/stariweb.sudigo.org\/wp\/wp-json\/wp\/v2\/tags?post=5196"}],"curies":[{"name":"wp","href":"https:\/\/api.w.org\/{rel}","templated":true}]}}