{"id":8216,"date":"2019-03-20T19:06:43","date_gmt":"2019-03-20T17:06:43","guid":{"rendered":"http:\/\/www.ss-sudigo-zabok.skole.hr\/?p=8216"},"modified":"2019-03-25T11:42:04","modified_gmt":"2019-03-25T09:42:04","slug":"obavijest-36","status":"publish","type":"post","link":"https:\/\/stariweb.sudigo.org\/wp\/obavijest-36\/","title":{"rendered":"Obavijest"},"content":{"rendered":"<h1>Put u Sjevernu Makedoniju<\/h1>\n<h4>U sklopu projekta <em>Afirmativno kori\u0161tenje slobodnog vremena mladih razli\u010ditih kulturnih sredina<\/em> financiranog od strane Ministarstva znanosti i obrazovanja nastavnici i u\u010denici \u0160kole za umjetnost, dizajn, grafiku i odje\u0107u Zabok putuju u Skopje.<\/h4>\n<p>Dana<strong> 1. travnja 2019.<\/strong> je polazak iz Zagreba za Skopje prema rasporedu:<\/p>\n<ul>\n<li>12.00 okupljanje u zra\u010dnoj luci &#8220;Franjo Tu\u0111man&#8221;, Zagreb,<\/li>\n<li>14.00 polazak za Skopje,<\/li>\n<li>15.15 dolazak u zra\u010dnu luku &#8220;Aleksandar Veliki&#8221;, Skopje.<\/li>\n<\/ul>\n<p>Dana <strong>5. travnja 2019.<\/strong> je povratak iz Skopja za Zagreb prema rasporedu:<\/p>\n<ul>\n<li>12.00 odlazak u zra\u010dnu luku &#8220;Aleksandar Veliki&#8221;, Skopje,<\/li>\n<li>15.55 polazak za Zagreb,<\/li>\n<li>17.10 dolazak u zra\u010dnu luku &#8220;Franjo Tu\u0111man&#8221;, Zagreb.<\/li>\n<\/ul>\n","protected":false},"excerpt":{"rendered":"<p>Put u Sjevernu Makedoniju U sklopu projekta Afirmativno kori\u0161tenje slobodnog vremena mladih razli\u010ditih kulturnih sredina financiranog od strane Ministarstva znanosti i obrazovanja nastavnici i u\u010denici \u0160kole za umjetnost, dizajn, grafiku i odje\u0107u Zabok putuju u Skopje. Dana 1. travnja 2019. je polazak iz Zagreba za Skopje prema rasporedu: 12.00 okupljanje u zra\u010dnoj luci &#8220;Franjo Tu\u0111man&#8221;, [&hellip;]<\/p>\n","protected":false},"author":1,"featured_media":0,"comment_status":"closed","ping_status":"open","sticky":false,"template":"","format":"standard","meta":{"spay_email":""},"categories":[5],"tags":[31],"yoast_head":"<!-- This site is optimized with the Yoast SEO plugin v16.6.1 - https:\/\/yoast.com\/wordpress\/plugins\/seo\/ -->\n<title>Obavijest | \u0160kola za umjetnost, dizajn, grafiku i odje\u0107u Zabok<\/title>\n<meta name=\"robots\" content=\"index, follow, max-snippet:-1, max-image-preview:large, max-video-preview:-1\" \/>\n<link rel=\"canonical\" href=\"https:\/\/stariweb.sudigo.org\/wp\/obavijest-36\/\" \/>\n<meta property=\"og:locale\" content=\"hr_HR\" \/>\n<meta property=\"og:type\" content=\"article\" \/>\n<meta property=\"og:title\" content=\"Obavijest | \u0160kola za umjetnost, dizajn, grafiku i odje\u0107u Zabok\" \/>\n<meta property=\"og:description\" content=\"Put u Sjevernu Makedoniju U sklopu projekta Afirmativno kori\u0161tenje slobodnog vremena mladih razli\u010ditih kulturnih sredina financiranog od strane Ministarstva znanosti i obrazovanja nastavnici i u\u010denici \u0160kole za umjetnost, dizajn, grafiku i odje\u0107u Zabok putuju u Skopje. Dana 1. travnja 2019. je polazak iz Zagreba za Skopje prema rasporedu: 12.00 okupljanje u zra\u010dnoj luci &#8220;Franjo Tu\u0111man&#8221;, [&hellip;]\" \/>\n<meta property=\"og:url\" content=\"https:\/\/stariweb.sudigo.org\/wp\/obavijest-36\/\" \/>\n<meta property=\"og:site_name\" content=\"\u0160kola za umjetnost, dizajn, grafiku i odje\u0107u Zabok\" \/>\n<meta property=\"article:published_time\" content=\"2019-03-20T17:06:43+00:00\" \/>\n<meta property=\"article:modified_time\" content=\"2019-03-25T09:42:04+00:00\" \/>\n<meta name=\"twitter:label1\" content=\"Procijenjeno vrijeme \u010ditanja\" \/>\n\t<meta name=\"twitter:data1\" content=\"1 minuta\" \/>\n<script type=\"application\/ld+json\" class=\"yoast-schema-graph\">{\"@context\":\"https:\/\/schema.org\",\"@graph\":[{\"@type\":\"Organization\",\"@id\":\"https:\/\/stariweb.sudigo.org\/wp\/#organization\",\"name\":\"\\u0160kola za umjetnost, dizajn, grafiku i odje\\u0107u Zabok\",\"url\":\"https:\/\/stariweb.sudigo.org\/wp\/\",\"sameAs\":[],\"logo\":{\"@type\":\"ImageObject\",\"@id\":\"https:\/\/stariweb.sudigo.org\/wp\/#logo\",\"inLanguage\":\"hr\",\"url\":\"https:\/\/i1.wp.com\/sudigoz.hr\/wp\/wp-content\/uploads\/2020\/11\/2016_02_21_SUDIGO-GrafStnd-web-43.jpg?fit=1035%2C1325&ssl=1\",\"contentUrl\":\"https:\/\/i1.wp.com\/sudigoz.hr\/wp\/wp-content\/uploads\/2020\/11\/2016_02_21_SUDIGO-GrafStnd-web-43.jpg?fit=1035%2C1325&ssl=1\",\"width\":1035,\"height\":1325,\"caption\":\"\\u0160kola za umjetnost, dizajn, grafiku i odje\\u0107u Zabok\"},\"image\":{\"@id\":\"https:\/\/stariweb.sudigo.org\/wp\/#logo\"}},{\"@type\":\"WebSite\",\"@id\":\"https:\/\/stariweb.sudigo.org\/wp\/#website\",\"url\":\"https:\/\/stariweb.sudigo.org\/wp\/\",\"name\":\"\\u0160kola za umjetnost, dizajn, grafiku i odje\\u0107u Zabok\",\"description\":\"Gle - \\u0161kola za mene!\",\"publisher\":{\"@id\":\"https:\/\/stariweb.sudigo.org\/wp\/#organization\"},\"potentialAction\":[{\"@type\":\"SearchAction\",\"target\":{\"@type\":\"EntryPoint\",\"urlTemplate\":\"https:\/\/stariweb.sudigo.org\/wp\/?s={search_term_string}\"},\"query-input\":\"required name=search_term_string\"}],\"inLanguage\":\"hr\"},{\"@type\":\"WebPage\",\"@id\":\"https:\/\/stariweb.sudigo.org\/wp\/obavijest-36\/#webpage\",\"url\":\"https:\/\/stariweb.sudigo.org\/wp\/obavijest-36\/\",\"name\":\"Obavijest | \\u0160kola za umjetnost, dizajn, grafiku i odje\\u0107u Zabok\",\"isPartOf\":{\"@id\":\"https:\/\/stariweb.sudigo.org\/wp\/#website\"},\"datePublished\":\"2019-03-20T17:06:43+00:00\",\"dateModified\":\"2019-03-25T09:42:04+00:00\",\"breadcrumb\":{\"@id\":\"https:\/\/stariweb.sudigo.org\/wp\/obavijest-36\/#breadcrumb\"},\"inLanguage\":\"hr\",\"potentialAction\":[{\"@type\":\"ReadAction\",\"target\":[\"https:\/\/stariweb.sudigo.org\/wp\/obavijest-36\/\"]}]},{\"@type\":\"BreadcrumbList\",\"@id\":\"https:\/\/stariweb.sudigo.org\/wp\/obavijest-36\/#breadcrumb\",\"itemListElement\":[{\"@type\":\"ListItem\",\"position\":1,\"name\":\"Obavijest\"}]},{\"@type\":\"Article\",\"@id\":\"https:\/\/stariweb.sudigo.org\/wp\/obavijest-36\/#article\",\"isPartOf\":{\"@id\":\"https:\/\/stariweb.sudigo.org\/wp\/obavijest-36\/#webpage\"},\"author\":{\"@id\":\"https:\/\/stariweb.sudigo.org\/wp\/#\/schema\/person\/a7b399ce69179514cc324193baf1f7f8\"},\"headline\":\"Obavijest\",\"datePublished\":\"2019-03-20T17:06:43+00:00\",\"dateModified\":\"2019-03-25T09:42:04+00:00\",\"mainEntityOfPage\":{\"@id\":\"https:\/\/stariweb.sudigo.org\/wp\/obavijest-36\/#webpage\"},\"wordCount\":101,\"publisher\":{\"@id\":\"https:\/\/stariweb.sudigo.org\/wp\/#organization\"},\"keywords\":[\"projekti\"],\"articleSection\":[\"Obavijesti\"],\"inLanguage\":\"hr\"},{\"@type\":\"Person\",\"@id\":\"https:\/\/stariweb.sudigo.org\/wp\/#\/schema\/person\/a7b399ce69179514cc324193baf1f7f8\",\"name\":\"sudigo\",\"image\":{\"@type\":\"ImageObject\",\"@id\":\"https:\/\/stariweb.sudigo.org\/wp\/#personlogo\",\"inLanguage\":\"hr\",\"url\":\"https:\/\/secure.gravatar.com\/avatar\/d31120c7bfc3fc974ed7ccd1d03e62c8?s=96&d=mm&r=g\",\"contentUrl\":\"https:\/\/secure.gravatar.com\/avatar\/d31120c7bfc3fc974ed7ccd1d03e62c8?s=96&d=mm&r=g\",\"caption\":\"sudigo\"},\"url\":\"https:\/\/stariweb.sudigo.org\/wp\/author\/admin\/\"}]}<\/script>\n<!-- \/ Yoast SEO plugin. -->","jetpack_featured_media_url":"","jetpack-related-posts":[{"id":10000,"url":"https:\/\/stariweb.sudigo.org\/wp\/obavijest-97\/","url_meta":{"origin":8216,"position":0},"title":"Obavijest","date":"20\/02\/2021","format":false,"excerpt":"Organizacija nastave za 22. radni tjedan (22. \u2013 26. velja\u010de) Nastava u narednom tjednu u prijepodnevnoj smjeni odvijat \u0107e se prema MODELU A (kontaktno) za 2.d, 2.mt, 2.wd, 2.gt i 2.gu razred, a prema MODELU C (nastava na daljinu) za razrede: 1.d, 1.mt, 1.wd i 1.gt. Nastava u poslijepodnevnoj smjeni\u2026","rel":"","context":"U &quot;Info za u\u010denike&quot;","img":{"alt_text":"","src":"","width":0,"height":0},"classes":[]},{"id":8839,"url":"https:\/\/stariweb.sudigo.org\/wp\/obavijest-60\/","url_meta":{"origin":8216,"position":1},"title":"Obavijest","date":"20\/11\/2019","format":false,"excerpt":"Terenska nastava u Veneciji 1) stanje se normaliziralo i ide se u Veneciju prema planu i programu: polazak iz Krapine (FINA) je u petak, 22. 11. u 00.30 sati. polazak iz Zaboka (Regeneracija) je u 01.00 sat. polazak kod West Gatea je u 01.20 sati (autobusna stanica preko puta benzinske\u2026","rel":"","context":"U &quot;Obavijesti&quot;","img":{"alt_text":"","src":"","width":0,"height":0},"classes":[]},{"id":9856,"url":"https:\/\/stariweb.sudigo.org\/wp\/obavijest-95\/","url_meta":{"origin":8216,"position":2},"title":"Obavijest","date":"15\/01\/2021","format":false,"excerpt":"Obavijest za u\u010denike\/roditelje\/skrbnike! Sukladno Odluci \u017dupana Krapinsko-zagorske \u017eupanije od 15. sije\u010dnja 2021., a uva\u017eavaju\u0107i trenutnu epidemiolo\u0161ku situaciju, nastava u drugom polugodi\u0161tu u \u0160koli za umjetnost, dizajn, grafiku i odje\u0107u Zabok zapo\u010dinje 18. sije\u010dnja 2021. u jutarnjoj smjeni. Za u\u010denike svih \u010detvrtih razreda (4. medijski tehni\u010dar, 4. web dizajn, 4. grafi\u010dki\u2026","rel":"","context":"U &quot;Obavijesti&quot;","img":{"alt_text":"","src":"","width":0,"height":0},"classes":[]},{"id":10054,"url":"https:\/\/stariweb.sudigo.org\/wp\/obavijest-100\/","url_meta":{"origin":8216,"position":3},"title":"Obavijest","date":"26\/03\/2021","format":false,"excerpt":"Organizacija nastave od 29. o\u017eujka do 1. travnja 2021. Nastava u narednom tjednu od 29. o\u017eujka do 1. travnja 2021. odvijat \u0107e se prema MODELU A za maturante, a za ostale u\u010denike prema modelu A i C. Nastava u prijepodnevnoj smjeni odvijat \u0107e se prema MODELU A (kontaktna nastava) za\u2026","rel":"","context":"U &quot;Info za u\u010denike&quot;","img":{"alt_text":"","src":"","width":0,"height":0},"classes":[]},{"id":3568,"url":"https:\/\/stariweb.sudigo.org\/wp\/u-skoli-za-umjetnost-dizajn-grafiku-i-odjecu-zabok\/","url_meta":{"origin":8216,"position":4},"title":"U \u0160koli za umjetnost, dizajn, grafiku i odje\u0107u Zabok","date":"24\/04\/2015","format":false,"excerpt":"Posa\u0111en pomladak Gup\u010deve lipe Povodom obilje\u017eavanja Dana planete Zemlje u \u0160koli za umjetnost, dizajn, grafiku i odje\u0107u Zabok 23. travnja 2015. godine, na Jurjevo, blagdan koji se slavi u narodu kao po\u010detak novog rasta \u017eivota, bujanja prirode, na sam dolazak Sv. Jurja \u201czelenog\u201d. Simboli\u010dku sadnju stabla \u201cGup\u010deve lipe\u201d, kloniranog stabla\u2026","rel":"","context":"U &quot;Novosti&quot;","img":{"alt_text":"","src":"https:\/\/i2.wp.com\/sudigoz.hr\/wp\/wp-content\/uploads\/2015\/04\/DSC_4954-e1430140637785-263x300.jpg?resize=350%2C200","width":350,"height":200},"classes":[]},{"id":6394,"url":"https:\/\/stariweb.sudigo.org\/wp\/drzavno-natjecanje-iz-engleskog-jezika\/","url_meta":{"origin":8216,"position":5},"title":"Dr\u017eavno natjecanje iz engleskog jezika","date":"10\/04\/2017","format":false,"excerpt":"Zapa\u017een Robertov uspjeh U\u010denik 2.mt razreda, Robert \u0160tefanovi\u0107, sudjelovao je na 23. dr\u017eavnom natjecanju iz engleskoga jezika odr\u017eanom u Svetom Martinu na Muri od 5. do 7. travnja 2017. Na natjecanju ga je pratila i mentorica, prof. Barbara Hanjilec. Sam poziv na dr\u017eavno natjecanje je izuzetno veliki uspjeh s obzirom\u2026","rel":"","context":"U &quot;Natjecanja, smotre i natje\u010daji&quot;","img":{"alt_text":"","src":"","width":0,"height":0},"classes":[]}],"_links":{"self":[{"href":"https:\/\/stariweb.sudigo.org\/wp\/wp-json\/wp\/v2\/posts\/8216"}],"collection":[{"href":"https:\/\/stariweb.sudigo.org\/wp\/wp-json\/wp\/v2\/posts"}],"about":[{"href":"https:\/\/stariweb.sudigo.org\/wp\/wp-json\/wp\/v2\/types\/post"}],"author":[{"embeddable":true,"href":"https:\/\/stariweb.sudigo.org\/wp\/wp-json\/wp\/v2\/users\/1"}],"replies":[{"embeddable":true,"href":"https:\/\/stariweb.sudigo.org\/wp\/wp-json\/wp\/v2\/comments?post=8216"}],"version-history":[{"count":5,"href":"https:\/\/stariweb.sudigo.org\/wp\/wp-json\/wp\/v2\/posts\/8216\/revisions"}],"predecessor-version":[{"id":8233,"href":"https:\/\/stariweb.sudigo.org\/wp\/wp-json\/wp\/v2\/posts\/8216\/revisions\/8233"}],"wp:attachment":[{"href":"https:\/\/stariweb.sudigo.org\/wp\/wp-json\/wp\/v2\/media?parent=8216"}],"wp:term":[{"taxonomy":"category","embeddable":true,"href":"https:\/\/stariweb.sudigo.org\/wp\/wp-json\/wp\/v2\/categories?post=8216"},{"taxonomy":"post_tag","embeddable":true,"href":"https:\/\/stariweb.sudigo.org\/wp\/wp-json\/wp\/v2\/tags?post=8216"}],"curies":[{"name":"wp","href":"https:\/\/api.w.org\/{rel}","templated":true}]}}